{"id":137434,"date":"2022-11-22T11:05:55","date_gmt":"2022-11-22T14:05:55","guid":{"rendered":"https:\/\/compras.tierradelfuego.gob.ar\/?p=137434"},"modified":"2022-11-22T11:05:55","modified_gmt":"2022-11-22T14:05:55","slug":"compra-directa-por-compulsa-abreviada-no-27-2022-raf-527-solicitud-de-cotizacion-referente-a-la-contratacion-de-contratacion-de-un-alquiler-de-un-inmueble-destinado-al-funcionamie","status":"publish","type":"post","link":"https:\/\/compras.tierradelfuego.gob.ar\/?p=137434","title":{"rendered":"COMPRA DIRECTA POR COMPULSA ABREVIADA N\u00ba 27\/2022 &#8211; RAF 527- SOLICITUD DE COTIZACI\u00d3N, REFERENTE A\u00a0\u00a0\u00a0LA CONTRATACI\u00d3N DE CONTRATACI\u00d3N DE UN ALQUILER DE UN INMUEBLE DESTINADO AL FUNCIONAMIENTO DE OFICINAS PARA EL PERSONAL ADMINISTRATIVO DE LOS PROGRAMAS DE SALUD CON FINANCIAMIENTO EXTERNO Y ESPACIO PARA REALIZAR ATENCI\u00d3N INTEGRAL DE ADOLESCENTES, DEPENDIENTE DE LA DIRECCI\u00d3N GENERAL DE PROMOCI\u00d3N DE LA SALUD, SECRETAR\u00cdA DE GESTI\u00d3N DE SISTEMAS SANITARIOS."},"content":{"rendered":"<p>COMPRA DIRECTA POR COMPULSA ABREVIADA N\u00ba 27\/2022 &#8211; RAF 527- SOLICITUD DE COTIZACI\u00d3N, REFERENTE A\u00a0\u00a0\u00a0LA CONTRATACI\u00d3N DE CONTRATACI\u00d3N DE UN ALQUILER DE UN INMUEBLE DESTINADO AL FUNCIONAMIENTO DE OFICINAS PARA EL PERSONAL ADMINISTRATIVO DE LOS PROGRAMAS DE SALUD CON FINANCIAMIENTO EXTERNO Y ESPACIO PARA REALIZAR ATENCI\u00d3N INTEGRAL DE ADOLESCENTES, DEPENDIENTE DE LA DIRECCI\u00d3N GENERAL DE PROMOCI\u00d3N DE LA SALUD, SECRETAR\u00cdA DE GESTI\u00d3N DE SISTEMAS SANITARIOS.<br \/>\nQUE TRAMITA BAJO EXPEDIENTE ELECTR\u00d3NICO N\u00ba MS &#8211; E- 48721\/2022 , POR EL T\u00c9RMINO DE VEINTICUATRO (24) MESES.<\/p>\n<p>EN TAL SENTIDO, SE ADJUNTA\u00a0 RESOLUCI\u00d3N MS N\u00b0 2187, SOLICITUD DE COTIZACI\u00d3N Y ANEXOS I-II, EN EL MARCO DE LA CONVOCATORIA PARA LA\u00a0\u00a0PRESENTACI\u00d3N DE OFERTAS DE LA COMPRA DIRECTA N\u00ba 27\/2022\u00a0; A FIN DE\u00a0DAR CUMPLIMIENTO A\u00a0LO ALL\u00cd REQUERIDO.<\/p>\n<p>ASIMISMO, SE INFORMAN DATOS RELACIONADOS A LA RECEPCI\u00d3N DE LAS COTIZACIONES PERTINENTES:<\/p>\n<p>FECHA L\u00cdMITE DE PRESENTACI\u00d3N DE OFERTAS:28\/11\/2022<br \/>\nHORA: 11:00 HORAS.<br \/>\nLUGAR DE PRESENTACI\u00d3N: DIRECCI\u00d3N DE CONTRATACIONES &#8211; D.G.A.J.S.-M.S. &#8211; DOMICILIO: SAN MART\u00cdN N\u00b0 15 &#8211; 3\u00ba PISO &#8211; (9410) USHUAIA &#8211; T.D.F.<\/p>\n<p>CORREO ELECTRONICO:\u00a0\u00a0CONTRATACIONESDGAJMS@TIERRADELFUEGO.GOB.AR<\/p>\n<p>ANTE LA NECESIDAD DE FORMULAR CUALQUIER CONSULTA RESPECTO DEL PRESENTE, SE INFORMA QUE PODR\u00c1 CONTACTARSE CON\u00a0 CONTRATACIONESDGAJMS@TIERRADELFUEGO.GOB.AR<\/p>\n<p>&nbsp;<\/p>\n<p><a href=\"https:\/\/compras.tierradelfuego.gob.ar\/wp-content\/uploads\/2022\/11\/RESOLUCION-M.S.-No-002187-22-EXPTE-N-48721-22.pdf\">RESOLUCION M.S. N\u00ba 002187-22, EXPTE N 48721-22<\/a><\/p>\n<p>&nbsp;<\/p>\n","protected":false},"excerpt":{"rendered":"<p>COMPRA DIRECTA POR COMPULSA ABREVIADA N\u00ba 27\/2022 &#8211; RAF 527- SOLICITUD DE COTIZACI\u00d3N, REFERENTE A\u00a0\u00a0\u00a0LA CONTRATACI\u00d3N DE CONTRATACI\u00d3N DE UN ALQUILER DE UN INMUEBLE DESTINADO AL FUNCIONAMIENTO DE OFICINAS PARA EL PERSONAL ADMINISTRATIVO DE LOS PROGRAMAS DE SALUD CON FINANCIAMIENTO EXTERNO Y ESPACIO PARA REALIZAR ATENCI\u00d3N INTEGRAL DE ADOLESCENTES, DEPENDIENTE DE LA DIRECCI\u00d3N GENERAL DE [&hellip;]<\/p>\n","protected":false},"author":17,"featured_media":0,"comment_status":"open","ping_status":"open","sticky":false,"template":"","format":"standard","meta":{"footnotes":""},"categories":[3,6,11,25],"tags":[],"class_list":["post-137434","post","type-post","status-publish","format-standard","hentry","category-compras","category-descargar","category-directa","category-ministerio-de-salud"],"_links":{"self":[{"href":"https:\/\/compras.tierradelfuego.gob.ar\/index.php?rest_route=\/wp\/v2\/posts\/137434","targetHints":{"allow":["GET"]}}],"collection":[{"href":"https:\/\/compras.tierradelfuego.gob.ar\/index.php?rest_route=\/wp\/v2\/posts"}],"about":[{"href":"https:\/\/compras.tierradelfuego.gob.ar\/index.php?rest_route=\/wp\/v2\/types\/post"}],"author":[{"embeddable":true,"href":"https:\/\/compras.tierradelfuego.gob.ar\/index.php?rest_route=\/wp\/v2\/users\/17"}],"replies":[{"embeddable":true,"href":"https:\/\/compras.tierradelfuego.gob.ar\/index.php?rest_route=%2Fwp%2Fv2%2Fcomments&post=137434"}],"version-history":[{"count":0,"href":"https:\/\/compras.tierradelfuego.gob.ar\/index.php?rest_route=\/wp\/v2\/posts\/137434\/revisions"}],"wp:attachment":[{"href":"https:\/\/compras.tierradelfuego.gob.ar\/index.php?rest_route=%2Fwp%2Fv2%2Fmedia&parent=137434"}],"wp:term":[{"taxonomy":"category","embeddable":true,"href":"https:\/\/compras.tierradelfuego.gob.ar\/index.php?rest_route=%2Fwp%2Fv2%2Fcategories&post=137434"},{"taxonomy":"post_tag","embeddable":true,"href":"https:\/\/compras.tierradelfuego.gob.ar\/index.php?rest_route=%2Fwp%2Fv2%2Ftags&post=137434"}],"curies":[{"name":"wp","href":"https:\/\/api.w.org\/{rel}","templated":true}]}}