{"id":135380,"date":"2022-11-07T15:41:05","date_gmt":"2022-11-07T18:41:05","guid":{"rendered":"https:\/\/compras.tierradelfuego.gob.ar\/?p=135380"},"modified":"2022-11-07T15:42:55","modified_gmt":"2022-11-07T18:42:55","slug":"pre-adjudicacion-licitacion-privada-n-01-raf-565-expediente-no-mgjdh-e-69498-2022-que-tramita-la-adquisicion-de-antena-y-repetidora-vhf-para-la-policia-de-la-provincia-de-t","status":"publish","type":"post","link":"https:\/\/compras.tierradelfuego.gob.ar\/?p=135380","title":{"rendered":"PRE ADJUDICACION &#8211; LICITACI\u00d3N PRIVADA N\u00b0 01 &#8211; RAF 565 (EXPEDIENTE N\u00ba MGJDH-E-69498-2022), QUE TRAMITA LA\u00a0 \u201cADQUISICI\u00d3N DE ANTENA Y REPETIDORA VHF PARA LA POLIC\u00cdA DE LA PROVINCIA DE TIERRA DEL FUEGO"},"content":{"rendered":"<p>REFERENTE A LA LICITACI\u00d3N PRIVADA N\u00b0 01 &#8211; RAF 565 (EXPEDIENTE N\u00ba MGJDH-E-69498-2022), QUE TRAMITA LA\u00a0 \u201cADQUISICI\u00d3N DE ANTENA Y REPETIDORA VHF PARA LA POLIC\u00cdA DE LA PROVINCIA DE TIERRA DEL FUEGO\u201d<\/p>\n<p>&nbsp;<\/p>\n<p><a href=\"https:\/\/compras.tierradelfuego.gob.ar\/wp-content\/uploads\/2022\/11\/ACTA-DE-PREADJUDICACION-EXPTE.-N\u00b0-69498.pdf\">ACTA DE PREADJUDICACION &#8211; EXPTE. N\u00b0 69498<\/a><\/p>\n","protected":false},"excerpt":{"rendered":"<p>REFERENTE A LA LICITACI\u00d3N PRIVADA N\u00b0 01 &#8211; RAF 565 (EXPEDIENTE N\u00ba MGJDH-E-69498-2022), QUE TRAMITA LA\u00a0 \u201cADQUISICI\u00d3N DE ANTENA Y REPETIDORA VHF PARA LA POLIC\u00cdA DE LA PROVINCIA DE TIERRA DEL FUEGO\u201d &nbsp; ACTA DE PREADJUDICACION &#8211; EXPTE. N\u00b0 69498<\/p>\n","protected":false},"author":17,"featured_media":0,"comment_status":"open","ping_status":"open","sticky":false,"template":"","format":"standard","meta":{"footnotes":""},"categories":[3,6,18,168,200],"tags":[],"class_list":["post-135380","post","type-post","status-publish","format-standard","hentry","category-compras","category-descargar","category-licitacion-privada","category-ministerio-de-gobierno","category-pre-adjudicacion"],"_links":{"self":[{"href":"https:\/\/compras.tierradelfuego.gob.ar\/index.php?rest_route=\/wp\/v2\/posts\/135380","targetHints":{"allow":["GET"]}}],"collection":[{"href":"https:\/\/compras.tierradelfuego.gob.ar\/index.php?rest_route=\/wp\/v2\/posts"}],"about":[{"href":"https:\/\/compras.tierradelfuego.gob.ar\/index.php?rest_route=\/wp\/v2\/types\/post"}],"author":[{"embeddable":true,"href":"https:\/\/compras.tierradelfuego.gob.ar\/index.php?rest_route=\/wp\/v2\/users\/17"}],"replies":[{"embeddable":true,"href":"https:\/\/compras.tierradelfuego.gob.ar\/index.php?rest_route=%2Fwp%2Fv2%2Fcomments&post=135380"}],"version-history":[{"count":0,"href":"https:\/\/compras.tierradelfuego.gob.ar\/index.php?rest_route=\/wp\/v2\/posts\/135380\/revisions"}],"wp:attachment":[{"href":"https:\/\/compras.tierradelfuego.gob.ar\/index.php?rest_route=%2Fwp%2Fv2%2Fmedia&parent=135380"}],"wp:term":[{"taxonomy":"category","embeddable":true,"href":"https:\/\/compras.tierradelfuego.gob.ar\/index.php?rest_route=%2Fwp%2Fv2%2Fcategories&post=135380"},{"taxonomy":"post_tag","embeddable":true,"href":"https:\/\/compras.tierradelfuego.gob.ar\/index.php?rest_route=%2Fwp%2Fv2%2Ftags&post=135380"}],"curies":[{"name":"wp","href":"https:\/\/api.w.org\/{rel}","templated":true}]}}