{"id":131460,"date":"2022-10-11T14:25:58","date_gmt":"2022-10-11T17:25:58","guid":{"rendered":"https:\/\/compras.tierradelfuego.gob.ar\/?p=131460"},"modified":"2022-10-11T14:27:05","modified_gmt":"2022-10-11T17:27:05","slug":"adjudicacion-contratacion-directa-compulsa-abreviada-n-180-22-525-expediente-ms-e-44159-2022-objeto-adquisicion-de-extractores-de-aire-para-banos-del-centro-provincial","status":"publish","type":"post","link":"https:\/\/compras.tierradelfuego.gob.ar\/?p=131460","title":{"rendered":"ADJUDICACION &#8211; CONTRATACI\u00d3N DIRECTA &#8211; COMPULSA\u00a0 ABREVIADA &#8211; N\u00b0 180\/22-525 \u2013 EXPEDIENTE MS-E-44159\/2022  OBJETO: \u00abADQUISICI\u00d3N DE EXTRACTORES DE AIRE PARA BA\u00d1OS DEL CENTRO PROVINCIAL DE SALUD INFANTO JUVENIL, SERVICIOS DE DI\u00c1LISIS, ANATOM\u00cdA PATOL\u00d3GICA Y \u00c1REAS HOSPITALARIAS QUE REQUIERAN VENTILACI\u00d3N, DEPENDIENTES DEL MINISTERIO DE SALUD DE LA PROVINCIA\u00bb"},"content":{"rendered":"<p>RESOLUCI\u00d3N S.G.R.A. N\u00b0 2750\/22 &#8211; CONTRATACI\u00d3N DIRECTA &#8211; COMPULSA\u00a0 ABREVIADA &#8211; N\u00b0 180\/22-525 \u2013 EXPEDIENTE MS-E-44159\/2022<\/p>\n<p>OBJETO: \u00abADQUISICI\u00d3N DE EXTRACTORES DE AIRE PARA BA\u00d1OS DEL CENTRO PROVINCIAL DE SALUD INFANTO JUVENIL, SERVICIOS DE DI\u00c1LISIS, ANATOM\u00cdA PATOL\u00d3GICA Y \u00c1REAS HOSPITALARIAS QUE REQUIERAN VENTILACI\u00d3N, DEPENDIENTES DEL MINISTERIO DE SALUD DE LA PROVINCIA\u00bb<\/p>\n<p>&nbsp;<\/p>\n<p><a href=\"https:\/\/compras.tierradelfuego.gob.ar\/wp-content\/uploads\/2022\/10\/RESOLUCION-SGRA-N\u00b0-2750-CD180-525-E44159MS-22.pdf\">RESOLUCI\u00d3N SGRA N\u00b0 2750 CD180-525 E44159MS-22<\/a><\/p>\n<p>&nbsp;<\/p>\n<p>&nbsp;<\/p>\n","protected":false},"excerpt":{"rendered":"<p>RESOLUCI\u00d3N S.G.R.A. N\u00b0 2750\/22 &#8211; CONTRATACI\u00d3N DIRECTA &#8211; COMPULSA\u00a0 ABREVIADA &#8211; N\u00b0 180\/22-525 \u2013 EXPEDIENTE MS-E-44159\/2022 OBJETO: \u00abADQUISICI\u00d3N DE EXTRACTORES DE AIRE PARA BA\u00d1OS DEL CENTRO PROVINCIAL DE SALUD INFANTO JUVENIL, SERVICIOS DE DI\u00c1LISIS, ANATOM\u00cdA PATOL\u00d3GICA Y \u00c1REAS HOSPITALARIAS QUE REQUIERAN VENTILACI\u00d3N, DEPENDIENTES DEL MINISTERIO DE SALUD DE LA PROVINCIA\u00bb &nbsp; RESOLUCI\u00d3N SGRA N\u00b0 2750 [&hellip;]<\/p>\n","protected":false},"author":17,"featured_media":0,"comment_status":"open","ping_status":"open","sticky":false,"template":"","format":"standard","meta":{"footnotes":""},"categories":[186,3,6,11,25],"tags":[],"class_list":["post-131460","post","type-post","status-publish","format-standard","hentry","category-adjudicadas","category-compras","category-descargar","category-directa","category-ministerio-de-salud"],"_links":{"self":[{"href":"https:\/\/compras.tierradelfuego.gob.ar\/index.php?rest_route=\/wp\/v2\/posts\/131460","targetHints":{"allow":["GET"]}}],"collection":[{"href":"https:\/\/compras.tierradelfuego.gob.ar\/index.php?rest_route=\/wp\/v2\/posts"}],"about":[{"href":"https:\/\/compras.tierradelfuego.gob.ar\/index.php?rest_route=\/wp\/v2\/types\/post"}],"author":[{"embeddable":true,"href":"https:\/\/compras.tierradelfuego.gob.ar\/index.php?rest_route=\/wp\/v2\/users\/17"}],"replies":[{"embeddable":true,"href":"https:\/\/compras.tierradelfuego.gob.ar\/index.php?rest_route=%2Fwp%2Fv2%2Fcomments&post=131460"}],"version-history":[{"count":0,"href":"https:\/\/compras.tierradelfuego.gob.ar\/index.php?rest_route=\/wp\/v2\/posts\/131460\/revisions"}],"wp:attachment":[{"href":"https:\/\/compras.tierradelfuego.gob.ar\/index.php?rest_route=%2Fwp%2Fv2%2Fmedia&parent=131460"}],"wp:term":[{"taxonomy":"category","embeddable":true,"href":"https:\/\/compras.tierradelfuego.gob.ar\/index.php?rest_route=%2Fwp%2Fv2%2Fcategories&post=131460"},{"taxonomy":"post_tag","embeddable":true,"href":"https:\/\/compras.tierradelfuego.gob.ar\/index.php?rest_route=%2Fwp%2Fv2%2Ftags&post=131460"}],"curies":[{"name":"wp","href":"https:\/\/api.w.org\/{rel}","templated":true}]}}