{"id":131083,"date":"2022-10-06T11:04:57","date_gmt":"2022-10-06T14:04:57","guid":{"rendered":"https:\/\/compras.tierradelfuego.gob.ar\/?p=131083"},"modified":"2022-10-06T11:04:57","modified_gmt":"2022-10-06T14:04:57","slug":"compra-directa-n-150-22-raf-103-expediente-n-68148-2022-alquiler-de-salon-en-la-ciudad-de-ushuaia-destinado-al-ii-consejo-federal-de-relaciones-exteriores-y-comercio-internacional-a-d","status":"publish","type":"post","link":"https:\/\/compras.tierradelfuego.gob.ar\/?p=131083","title":{"rendered":"COMPRA DIRECTA N\u00b0 150-22 RAF 103 &#8211; EXPEDIENTE N\u00b0 68148-2022  &#8211; ALQUILER DE SAL\u00d3N EN LA CIUDAD DE USHUAIA DESTINADO AL II CONSEJO FEDERAL DE RELACIONES EXTERIORES Y COMERCIO INTERNACIONAL A DESARROLLARSE LOS D\u00cdAS 1\u00b0 Y 2\u00b0 DE NOVIEMBRE DEL CORRIENTE A\u00d1O"},"content":{"rendered":"<div>COMPRA DIRECTA N\u00b0 150-22 RAF 103 &#8211; EXPEDIENTE N\u00b0 68148-2022<\/div>\n<div>OBJETO: ALQUILER DE SAL\u00d3N EN LA CIUDAD DE USHUAIA DESTINADO AL II CONSEJO FEDERAL DE RELACIONES EXTERIORES Y COMERCIO INTERNACIONAL A DESARROLLARSE LOS D\u00cdAS 1\u00b0 Y 2\u00b0 DE NOVIEMBRE DEL CORRIENTE A\u00d1O<\/div>\n<div>FECHA L\u00cdMITE PARA LA PRESENTACI\u00d3N DE OFERTAS:\u00a0<span id=\"OBJ_PREFIX_DWT558_com_zimbra_date\" class=\"Object\" role=\"link\"><span id=\"OBJ_PREFIX_DWT560_com_zimbra_date\" class=\"Object\" role=\"link\">11\/10\/22<\/span>\u00a0\u00a0<\/span>12:00<\/div>\n<div>LUGAR DE PRESENTACI\u00d3N DE OFERTAS: OFICINA PROVINCIAL DE CONTRATACIONES SAN MART\u00cdN N\u00b0 450 PLANTA BAJA OFICINA N\u00b0 35 USHUAIA. ASIMISMO SE ACEPTAN OFERTAS ENVIADAS AL MAIL\u00a0<span id=\"OBJ_PREFIX_DWT559_ZmEmailObjectHandler\" class=\"Object\" role=\"link\"><span id=\"OBJ_PREFIX_DWT561_ZmEmailObjectHandler\" class=\"Object\" role=\"link\">AGALLEGO@TIERRADELFUEGO.GOB.AR<\/span><\/span><\/div>\n<div><\/div>\n<div><\/div>\n<div><a href=\"https:\/\/compras.tierradelfuego.gob.ar\/wp-content\/uploads\/2022\/10\/DISPOSICION-D.G.U.O.C.-N\u00b0-29-22.pdf\">DISPOSICI\u00d3N D.G.U.O.C. N\u00b0 29-22<\/a><\/div>\n<div><\/div>\n","protected":false},"excerpt":{"rendered":"<p>COMPRA DIRECTA N\u00b0 150-22 RAF 103 &#8211; EXPEDIENTE N\u00b0 68148-2022 OBJETO: ALQUILER DE SAL\u00d3N EN LA CIUDAD DE USHUAIA DESTINADO AL II CONSEJO FEDERAL DE RELACIONES EXTERIORES Y COMERCIO INTERNACIONAL A DESARROLLARSE LOS D\u00cdAS 1\u00b0 Y 2\u00b0 DE NOVIEMBRE DEL CORRIENTE A\u00d1O FECHA L\u00cdMITE PARA LA PRESENTACI\u00d3N DE OFERTAS:\u00a011\/10\/22\u00a0\u00a012:00 LUGAR DE PRESENTACI\u00d3N DE OFERTAS: OFICINA [&hellip;]<\/p>\n","protected":false},"author":17,"featured_media":0,"comment_status":"open","ping_status":"open","sticky":false,"template":"","format":"standard","meta":{"footnotes":""},"categories":[3,6,11,21],"tags":[],"class_list":["post-131083","post","type-post","status-publish","format-standard","hentry","category-compras","category-descargar","category-directa","category-ministerio-de-economia"],"_links":{"self":[{"href":"https:\/\/compras.tierradelfuego.gob.ar\/index.php?rest_route=\/wp\/v2\/posts\/131083","targetHints":{"allow":["GET"]}}],"collection":[{"href":"https:\/\/compras.tierradelfuego.gob.ar\/index.php?rest_route=\/wp\/v2\/posts"}],"about":[{"href":"https:\/\/compras.tierradelfuego.gob.ar\/index.php?rest_route=\/wp\/v2\/types\/post"}],"author":[{"embeddable":true,"href":"https:\/\/compras.tierradelfuego.gob.ar\/index.php?rest_route=\/wp\/v2\/users\/17"}],"replies":[{"embeddable":true,"href":"https:\/\/compras.tierradelfuego.gob.ar\/index.php?rest_route=%2Fwp%2Fv2%2Fcomments&post=131083"}],"version-history":[{"count":0,"href":"https:\/\/compras.tierradelfuego.gob.ar\/index.php?rest_route=\/wp\/v2\/posts\/131083\/revisions"}],"wp:attachment":[{"href":"https:\/\/compras.tierradelfuego.gob.ar\/index.php?rest_route=%2Fwp%2Fv2%2Fmedia&parent=131083"}],"wp:term":[{"taxonomy":"category","embeddable":true,"href":"https:\/\/compras.tierradelfuego.gob.ar\/index.php?rest_route=%2Fwp%2Fv2%2Fcategories&post=131083"},{"taxonomy":"post_tag","embeddable":true,"href":"https:\/\/compras.tierradelfuego.gob.ar\/index.php?rest_route=%2Fwp%2Fv2%2Ftags&post=131083"}],"curies":[{"name":"wp","href":"https:\/\/api.w.org\/{rel}","templated":true}]}}