{"id":12298,"date":"2017-03-16T15:20:37","date_gmt":"2017-03-16T15:20:37","guid":{"rendered":"http:\/\/compras.tierradelfuego.gov.ar\/?p=12298"},"modified":"2017-03-16T15:20:37","modified_gmt":"2017-03-16T15:20:37","slug":"contratacion-directa-no-0217-del-ipv-contratacion-de-1-especialista-en-sociologia-y-2-trabajadores-sociales","status":"publish","type":"post","link":"https:\/\/compras.tierradelfuego.gob.ar\/?p=12298","title":{"rendered":"Contrataci\u00f3n Directa N\u00ba 02\/17 del IPV &#8211; Contrataci\u00f3n de 1 especialista en sociolog\u00eda y 2 trabajadores sociales."},"content":{"rendered":"<p>Contrataci\u00f3n Directa N\u00ba 02\/17 del IPV &#8211; N\u00ba DE COMPRA: 02\/17 &#8211; N\u00ba DE EXPEDIENTE: 950\/17 &#8211; Contrataci\u00f3n de 1 especialista en sociolog\u00eda y 2 trabajadores sociales.<\/p>\n<p>RECEPCI\u00d3N DE OFERTA (CURRICULUM): 22\/03\/2017 \u2013 13 hs.<\/p>\n<p>LUGAR DE PRESENTACI\u00d3N: Francisco Gonzalez 651<\/p>\n<p>&nbsp;<\/p>\n<p><a href=\"http:\/\/compras.tierradelfuego.gov.ar\/wp-content\/uploads\/2017\/03\/002-17-CONTRATACI\u00d3N-PROFESIONALES-300-VIVIENDAS.pdf\">DESCARGAR &#8211; CONTRATACION DIRECTA N\u00b0 02\/17<\/a><\/p>\n","protected":false},"excerpt":{"rendered":"<p>Contrataci\u00f3n Directa N\u00ba 02\/17 del IPV &#8211; N\u00ba DE COMPRA: 02\/17 &#8211; N\u00ba DE EXPEDIENTE: 950\/17 &#8211; Contrataci\u00f3n de 1 especialista en sociolog\u00eda y 2 trabajadores sociales. RECEPCI\u00d3N DE OFERTA (CURRICULUM): 22\/03\/2017 \u2013 13 hs. LUGAR DE PRESENTACI\u00d3N: Francisco Gonzalez 651 &nbsp; DESCARGAR &#8211; CONTRATACION DIRECTA N\u00b0 02\/17<\/p>\n","protected":false},"author":1,"featured_media":0,"comment_status":"open","ping_status":"open","sticky":false,"template":"","format":"standard","meta":{"footnotes":""},"categories":[3,11,16],"tags":[],"class_list":["post-12298","post","type-post","status-publish","format-standard","hentry","category-compras","category-directa","category-instituto-provincial-de-la-vivienda-ipv"],"_links":{"self":[{"href":"https:\/\/compras.tierradelfuego.gob.ar\/index.php?rest_route=\/wp\/v2\/posts\/12298","targetHints":{"allow":["GET"]}}],"collection":[{"href":"https:\/\/compras.tierradelfuego.gob.ar\/index.php?rest_route=\/wp\/v2\/posts"}],"about":[{"href":"https:\/\/compras.tierradelfuego.gob.ar\/index.php?rest_route=\/wp\/v2\/types\/post"}],"author":[{"embeddable":true,"href":"https:\/\/compras.tierradelfuego.gob.ar\/index.php?rest_route=\/wp\/v2\/users\/1"}],"replies":[{"embeddable":true,"href":"https:\/\/compras.tierradelfuego.gob.ar\/index.php?rest_route=%2Fwp%2Fv2%2Fcomments&post=12298"}],"version-history":[{"count":0,"href":"https:\/\/compras.tierradelfuego.gob.ar\/index.php?rest_route=\/wp\/v2\/posts\/12298\/revisions"}],"wp:attachment":[{"href":"https:\/\/compras.tierradelfuego.gob.ar\/index.php?rest_route=%2Fwp%2Fv2%2Fmedia&parent=12298"}],"wp:term":[{"taxonomy":"category","embeddable":true,"href":"https:\/\/compras.tierradelfuego.gob.ar\/index.php?rest_route=%2Fwp%2Fv2%2Fcategories&post=12298"},{"taxonomy":"post_tag","embeddable":true,"href":"https:\/\/compras.tierradelfuego.gob.ar\/index.php?rest_route=%2Fwp%2Fv2%2Ftags&post=12298"}],"curies":[{"name":"wp","href":"https:\/\/api.w.org\/{rel}","templated":true}]}}