{"id":122271,"date":"2022-08-16T11:36:53","date_gmt":"2022-08-16T14:36:53","guid":{"rendered":"https:\/\/compras.tierradelfuego.gob.ar\/?p=122271"},"modified":"2022-08-16T11:36:53","modified_gmt":"2022-08-16T14:36:53","slug":"declarar-fracasada-la-licitacion-publica-nacional-no07-2022-referente-a-la-obra-ampliacion-y-refaccion-jardin-de-infantes-n-22-huellitas-fueguinas","status":"publish","type":"post","link":"https:\/\/compras.tierradelfuego.gob.ar\/?p=122271","title":{"rendered":"DECLARAR FRACASADA LA LICITACI\u00d3N P\u00daBLICA NACIONAL N\u00ba07\/2022, REFERENTE A LA OBRA: \u201cAMPLIACI\u00d3N Y REFACCI\u00d3N JARD\u00cdN DE INFANTES N\u00b0 22 \u201cHUELLITAS FUEGUINAS\u201d"},"content":{"rendered":"<p>DECLARAR FRACASADA LA LICITACI\u00d3N P\u00daBLICA NACIONAL N\u00ba07\/2022, REFERENTE A LA OBRA: \u201cAMPLIACI\u00d3N Y REFACCI\u00d3N JARD\u00cdN DE INFANTES N\u00b0 22 \u201cHUELLITAS FUEGUINAS\u201d<\/p>\n<p><a href=\"https:\/\/compras.tierradelfuego.gob.ar\/wp-content\/uploads\/2022\/08\/Resolucion-N\u00b02735-2022-MEECYT-Declara-Fracasada-la-LPN-N\u00b007-22.pdf\">Resoluci\u00f3n N\u00b02735-2022 MEECYT Declara Fracasada la LPN N\u00b007-22<\/a><\/p>\n<p>&nbsp;<\/p>\n<p>&nbsp;<\/p>\n","protected":false},"excerpt":{"rendered":"<p>DECLARAR FRACASADA LA LICITACI\u00d3N P\u00daBLICA NACIONAL N\u00ba07\/2022, REFERENTE A LA OBRA: \u201cAMPLIACI\u00d3N Y REFACCI\u00d3N JARD\u00cdN DE INFANTES N\u00b0 22 \u201cHUELLITAS FUEGUINAS\u201d Resoluci\u00f3n N\u00b02735-2022 MEECYT Declara Fracasada la LPN N\u00b007-22 &nbsp; &nbsp;<\/p>\n","protected":false},"author":17,"featured_media":0,"comment_status":"open","ping_status":"open","sticky":false,"template":"","format":"standard","meta":{"footnotes":""},"categories":[3,6,19,22],"tags":[],"class_list":["post-122271","post","type-post","status-publish","format-standard","hentry","category-compras","category-descargar","category-licitacion-publica","category-ministerio-de-educacion"],"_links":{"self":[{"href":"https:\/\/compras.tierradelfuego.gob.ar\/index.php?rest_route=\/wp\/v2\/posts\/122271","targetHints":{"allow":["GET"]}}],"collection":[{"href":"https:\/\/compras.tierradelfuego.gob.ar\/index.php?rest_route=\/wp\/v2\/posts"}],"about":[{"href":"https:\/\/compras.tierradelfuego.gob.ar\/index.php?rest_route=\/wp\/v2\/types\/post"}],"author":[{"embeddable":true,"href":"https:\/\/compras.tierradelfuego.gob.ar\/index.php?rest_route=\/wp\/v2\/users\/17"}],"replies":[{"embeddable":true,"href":"https:\/\/compras.tierradelfuego.gob.ar\/index.php?rest_route=%2Fwp%2Fv2%2Fcomments&post=122271"}],"version-history":[{"count":0,"href":"https:\/\/compras.tierradelfuego.gob.ar\/index.php?rest_route=\/wp\/v2\/posts\/122271\/revisions"}],"wp:attachment":[{"href":"https:\/\/compras.tierradelfuego.gob.ar\/index.php?rest_route=%2Fwp%2Fv2%2Fmedia&parent=122271"}],"wp:term":[{"taxonomy":"category","embeddable":true,"href":"https:\/\/compras.tierradelfuego.gob.ar\/index.php?rest_route=%2Fwp%2Fv2%2Fcategories&post=122271"},{"taxonomy":"post_tag","embeddable":true,"href":"https:\/\/compras.tierradelfuego.gob.ar\/index.php?rest_route=%2Fwp%2Fv2%2Ftags&post=122271"}],"curies":[{"name":"wp","href":"https:\/\/api.w.org\/{rel}","templated":true}]}}