{"id":120772,"date":"2022-08-05T09:46:16","date_gmt":"2022-08-05T12:46:16","guid":{"rendered":"https:\/\/compras.tierradelfuego.gob.ar\/?p=120772"},"modified":"2022-08-05T09:46:16","modified_gmt":"2022-08-05T12:46:16","slug":"pre-adjudicacion-licitacion-publica-n-03-22-raf-107-referente-a-locacion-de-inmueble-tramitado-por-expediente-n-e-25299-2022","status":"publish","type":"post","link":"https:\/\/compras.tierradelfuego.gob.ar\/?p=120772","title":{"rendered":"PRE ADJUDICACI\u00d3N &#8211; LICITACI\u00d3N P\u00daBLICA N\u00b0 03\/22 RAF 107, REFERENTE A LOCACI\u00d3N DE INMUEBLE, TRAMITADO POR EXPEDIENTE N\u00b0 E-25299\/2022"},"content":{"rendered":"<p>PREADJUDICACI\u00d3N DE LA LICITACI\u00d3N P\u00daBLICA N\u00b0 03\/22 RAF 107, REFERENTE A LOCACI\u00d3N DE INMUEBLE, TRAMITADO POR EXPEDIENTE N\u00b0 E-25299\/2022<\/p>\n<p>&nbsp;<\/p>\n<p><a href=\"https:\/\/compras.tierradelfuego.gob.ar\/wp-content\/uploads\/2022\/08\/ACTA-DE-PREADJ-alquiler-desierta-25299-22.pdf\">ACTA DE PREADJ alquiler desierta 25299-22<\/a><\/p>\n","protected":false},"excerpt":{"rendered":"<p>PREADJUDICACI\u00d3N DE LA LICITACI\u00d3N P\u00daBLICA N\u00b0 03\/22 RAF 107, REFERENTE A LOCACI\u00d3N DE INMUEBLE, TRAMITADO POR EXPEDIENTE N\u00b0 E-25299\/2022 &nbsp; ACTA DE PREADJ alquiler desierta 25299-22<\/p>\n","protected":false},"author":17,"featured_media":0,"comment_status":"open","ping_status":"open","sticky":false,"template":"","format":"standard","meta":{"footnotes":""},"categories":[3,6,22,191],"tags":[],"class_list":["post-120772","post","type-post","status-publish","format-standard","hentry","category-compras","category-descargar","category-ministerio-de-educacion","category-preadjudicadas-lpu"],"_links":{"self":[{"href":"https:\/\/compras.tierradelfuego.gob.ar\/index.php?rest_route=\/wp\/v2\/posts\/120772","targetHints":{"allow":["GET"]}}],"collection":[{"href":"https:\/\/compras.tierradelfuego.gob.ar\/index.php?rest_route=\/wp\/v2\/posts"}],"about":[{"href":"https:\/\/compras.tierradelfuego.gob.ar\/index.php?rest_route=\/wp\/v2\/types\/post"}],"author":[{"embeddable":true,"href":"https:\/\/compras.tierradelfuego.gob.ar\/index.php?rest_route=\/wp\/v2\/users\/17"}],"replies":[{"embeddable":true,"href":"https:\/\/compras.tierradelfuego.gob.ar\/index.php?rest_route=%2Fwp%2Fv2%2Fcomments&post=120772"}],"version-history":[{"count":0,"href":"https:\/\/compras.tierradelfuego.gob.ar\/index.php?rest_route=\/wp\/v2\/posts\/120772\/revisions"}],"wp:attachment":[{"href":"https:\/\/compras.tierradelfuego.gob.ar\/index.php?rest_route=%2Fwp%2Fv2%2Fmedia&parent=120772"}],"wp:term":[{"taxonomy":"category","embeddable":true,"href":"https:\/\/compras.tierradelfuego.gob.ar\/index.php?rest_route=%2Fwp%2Fv2%2Fcategories&post=120772"},{"taxonomy":"post_tag","embeddable":true,"href":"https:\/\/compras.tierradelfuego.gob.ar\/index.php?rest_route=%2Fwp%2Fv2%2Ftags&post=120772"}],"curies":[{"name":"wp","href":"https:\/\/api.w.org\/{rel}","templated":true}]}}