{"id":120239,"date":"2022-08-02T10:28:53","date_gmt":"2022-08-02T13:28:53","guid":{"rendered":"https:\/\/compras.tierradelfuego.gob.ar\/?p=120239"},"modified":"2022-08-02T10:30:09","modified_gmt":"2022-08-02T13:30:09","slug":"acta-de-preadjudicacion-licitacion-publica-no-01-22-raf-108-expte-no15242-2022-referente-a-la-adquisicion-de-elementos-de-proteccion-personal-destinados-a-la-secretaria-de-ambiente-dependient","status":"publish","type":"post","link":"https:\/\/compras.tierradelfuego.gob.ar\/?p=120239","title":{"rendered":"ACTA DE PREADJUDICACI\u00d3N. LICITACI\u00d3N P\u00daBLICA N\u00ba 01\/22 RAF 108, EXPTE N\u00ba15242\/2022. REFERENTE A\u00a0LA ADQUISICI\u00d3N DE ELEMENTOS DE PROTECCI\u00d3N PERSONAL DESTINADOS A LA SECRETARIA DE AMBIENTE, DEPENDIENTE AL MINISTERIO DE PRODUCCI\u00d3N Y AMBIENTE."},"content":{"rendered":"<p>ACTA DE PREADJUDICACI\u00d3N.<\/p>\n<p>LICITACI\u00d3N P\u00daBLICA N\u00ba 01\/22 RAF 108, EXPTE N\u00ba15242\/2022.<\/p>\n<p>REFERENTE A\u00a0LA ADQUISICI\u00d3N DE ELEMENTOS DE PROTECCI\u00d3N PERSONAL DESTINADOS A LA SECRETARIA DE AMBIENTE, DEPENDIENTE AL MINISTERIO DE PRODUCCI\u00d3N Y AMBIENTE.<\/p>\n<p><a href=\"https:\/\/compras.tierradelfuego.gob.ar\/wp-content\/uploads\/2022\/08\/ACTA-DE-PREADJUDICACION.pdf\">ACTA DE PREADJUDICACI\u00d3N<\/a><\/p>\n","protected":false},"excerpt":{"rendered":"<p>ACTA DE PREADJUDICACI\u00d3N. LICITACI\u00d3N P\u00daBLICA N\u00ba 01\/22 RAF 108, EXPTE N\u00ba15242\/2022. REFERENTE A\u00a0LA ADQUISICI\u00d3N DE ELEMENTOS DE PROTECCI\u00d3N PERSONAL DESTINADOS A LA SECRETARIA DE AMBIENTE, DEPENDIENTE AL MINISTERIO DE PRODUCCI\u00d3N Y AMBIENTE. ACTA DE PREADJUDICACI\u00d3N<\/p>\n","protected":false},"author":20,"featured_media":0,"comment_status":"open","ping_status":"open","sticky":false,"template":"","format":"standard","meta":{"footnotes":""},"categories":[186,3,19,159],"tags":[],"class_list":["post-120239","post","type-post","status-publish","format-standard","hentry","category-adjudicadas","category-compras","category-licitacion-publica","category-ministerio-de-produccion-y-ambiente"],"_links":{"self":[{"href":"https:\/\/compras.tierradelfuego.gob.ar\/index.php?rest_route=\/wp\/v2\/posts\/120239","targetHints":{"allow":["GET"]}}],"collection":[{"href":"https:\/\/compras.tierradelfuego.gob.ar\/index.php?rest_route=\/wp\/v2\/posts"}],"about":[{"href":"https:\/\/compras.tierradelfuego.gob.ar\/index.php?rest_route=\/wp\/v2\/types\/post"}],"author":[{"embeddable":true,"href":"https:\/\/compras.tierradelfuego.gob.ar\/index.php?rest_route=\/wp\/v2\/users\/20"}],"replies":[{"embeddable":true,"href":"https:\/\/compras.tierradelfuego.gob.ar\/index.php?rest_route=%2Fwp%2Fv2%2Fcomments&post=120239"}],"version-history":[{"count":0,"href":"https:\/\/compras.tierradelfuego.gob.ar\/index.php?rest_route=\/wp\/v2\/posts\/120239\/revisions"}],"wp:attachment":[{"href":"https:\/\/compras.tierradelfuego.gob.ar\/index.php?rest_route=%2Fwp%2Fv2%2Fmedia&parent=120239"}],"wp:term":[{"taxonomy":"category","embeddable":true,"href":"https:\/\/compras.tierradelfuego.gob.ar\/index.php?rest_route=%2Fwp%2Fv2%2Fcategories&post=120239"},{"taxonomy":"post_tag","embeddable":true,"href":"https:\/\/compras.tierradelfuego.gob.ar\/index.php?rest_route=%2Fwp%2Fv2%2Ftags&post=120239"}],"curies":[{"name":"wp","href":"https:\/\/api.w.org\/{rel}","templated":true}]}}