{"id":119368,"date":"2022-07-26T17:38:54","date_gmt":"2022-07-26T20:38:54","guid":{"rendered":"https:\/\/compras.tierradelfuego.gob.ar\/?p=119368"},"modified":"2022-07-26T17:44:33","modified_gmt":"2022-07-26T20:44:33","slug":"resolucion-ss-a-o-ys-no-0048-22-contratacion-directa-n-o-49-22-expediente-mecct-e-23516-2022-contrato-de-locacion-de-servicio-mmo-ornella-mariana-acosta-para-el-m-e-c-c-y-t","status":"publish","type":"post","link":"https:\/\/compras.tierradelfuego.gob.ar\/?p=119368","title":{"rendered":"RESOLUCI\u00d3N\u00a0SS.A.O YS\u00a0 N\u00ba 0048\/22\u00a0&#8211; CONTRATACI\u00d3N DIRECTA: N.\u00ba 49\/22 &#8211; EXPEDIENTE: MECCT &#8211; E-23516\/2022  &#8211; CONTRATO DE LOCACION DE SERVICIO-MMO ORNELLA MARIANA ACOSTA PARA EL M.E.C.C. Y T."},"content":{"rendered":"<p><strong>RESOLUCI\u00d3N DE ADJUDICACI\u00d3N:<\/strong>\u00a0RESOLUCI\u00d3N\u00a0 SS.A.O YS\u00a0 N\u00ba 0048\/22<\/p>\n<p><strong>CONTRATACI\u00d3N DIRECTA<\/strong>: N.\u00ba 49\/22<\/p>\n<p><strong>EXPEDIENTE<\/strong>: MECCT &#8211; E-23516-2022<\/p>\n<p><strong>OBJETO:<\/strong>\u00a0\u201c\u00a0 -S\/\u00a0 CONTRATO DE LOCACION DE SERVICIO-MMO ORNELLA MARIANA ACOSTA PARA EL M.E.C.C. Y T..\u00bb\u00a0 \u00bb<\/p>\n<p><strong>\u00c1REA SOLICITANTE<\/strong>: MINISTERIO DE EDUCACI\u00d3N, CULTURA, CIENCIA Y TECNOLOG\u00cdA.<\/p>\n<p><a href=\"https:\/\/compras.tierradelfuego.gob.ar\/wp-content\/uploads\/2022\/07\/resolucion-ss.a.o.-y-s.-n-0048-2022-1.pdf\">resolucion ss.a.o. y s. n 0048-2022<\/a><\/p>\n","protected":false},"excerpt":{"rendered":"<p>RESOLUCI\u00d3N DE ADJUDICACI\u00d3N:\u00a0RESOLUCI\u00d3N\u00a0 SS.A.O YS\u00a0 N\u00ba 0048\/22 CONTRATACI\u00d3N DIRECTA: N.\u00ba 49\/22 EXPEDIENTE: MECCT &#8211; E-23516-2022 OBJETO:\u00a0\u201c\u00a0 -S\/\u00a0 CONTRATO DE LOCACION DE SERVICIO-MMO ORNELLA MARIANA ACOSTA PARA EL M.E.C.C. Y T..\u00bb\u00a0 \u00bb \u00c1REA SOLICITANTE: MINISTERIO DE EDUCACI\u00d3N, CULTURA, CIENCIA Y TECNOLOG\u00cdA. resolucion ss.a.o. y s. n 0048-2022<\/p>\n","protected":false},"author":20,"featured_media":0,"comment_status":"open","ping_status":"open","sticky":false,"template":"","format":"standard","meta":{"footnotes":""},"categories":[186,3,11,22],"tags":[],"class_list":["post-119368","post","type-post","status-publish","format-standard","hentry","category-adjudicadas","category-compras","category-directa","category-ministerio-de-educacion"],"_links":{"self":[{"href":"https:\/\/compras.tierradelfuego.gob.ar\/index.php?rest_route=\/wp\/v2\/posts\/119368","targetHints":{"allow":["GET"]}}],"collection":[{"href":"https:\/\/compras.tierradelfuego.gob.ar\/index.php?rest_route=\/wp\/v2\/posts"}],"about":[{"href":"https:\/\/compras.tierradelfuego.gob.ar\/index.php?rest_route=\/wp\/v2\/types\/post"}],"author":[{"embeddable":true,"href":"https:\/\/compras.tierradelfuego.gob.ar\/index.php?rest_route=\/wp\/v2\/users\/20"}],"replies":[{"embeddable":true,"href":"https:\/\/compras.tierradelfuego.gob.ar\/index.php?rest_route=%2Fwp%2Fv2%2Fcomments&post=119368"}],"version-history":[{"count":0,"href":"https:\/\/compras.tierradelfuego.gob.ar\/index.php?rest_route=\/wp\/v2\/posts\/119368\/revisions"}],"wp:attachment":[{"href":"https:\/\/compras.tierradelfuego.gob.ar\/index.php?rest_route=%2Fwp%2Fv2%2Fmedia&parent=119368"}],"wp:term":[{"taxonomy":"category","embeddable":true,"href":"https:\/\/compras.tierradelfuego.gob.ar\/index.php?rest_route=%2Fwp%2Fv2%2Fcategories&post=119368"},{"taxonomy":"post_tag","embeddable":true,"href":"https:\/\/compras.tierradelfuego.gob.ar\/index.php?rest_route=%2Fwp%2Fv2%2Ftags&post=119368"}],"curies":[{"name":"wp","href":"https:\/\/api.w.org\/{rel}","templated":true}]}}