{"id":114716,"date":"2022-06-24T10:38:25","date_gmt":"2022-06-24T13:38:25","guid":{"rendered":"https:\/\/compras.tierradelfuego.gob.ar\/?p=114716"},"modified":"2022-06-24T10:42:00","modified_gmt":"2022-06-24T13:42:00","slug":"compra-directa-n-2292-22-expte-1376-2022-adquisicion-de-material-descartable","status":"publish","type":"post","link":"https:\/\/compras.tierradelfuego.gob.ar\/?p=114716","title":{"rendered":"COMPRA DIRECTA N\u00b0 2292\/22 &#8211; EXPTE: 1376\/2022 &#8211; ADQUISICION DE MATERIAL DESCARTABLE."},"content":{"rendered":"<p>EXPTE: 1376\/2022 &#8211; COMPRA DIRECTA N\u00b0 2292\/22<\/p>\n<p>FECHA L\u00cdMITE PARA LA PRESENTACI\u00d3N DE PRESUPUESTOS:\u00a028\/06\/2022\u00a0A LAS 09.00HS<\/p>\n<p>SE SOLICITA COTIZAR MATERIAL NACIONAL.-<\/p>\n<p>SE SOLICITA COTIZAR RENGL\u00d3N POR RENGL\u00d3N, Y EN CASO DE NO PODER, ACLARAR ESTA SITUACI\u00d3N Y LOS MOTIVOS.<\/p>\n<p>SE RECUERDA QUE SE DEBEN PRESENTAR LOS PRESUPUESTOS CON LA FIRMA DE QUI\u00c9N LOS EMITE, POSEER UNA VALIDEZ DE 30 (TREINTA) D\u00cdAS.<\/p>\n<p>&nbsp;<\/p>\n<p>&nbsp;<\/p>\n<p><a href=\"https:\/\/compras.tierradelfuego.gob.ar\/wp-content\/uploads\/2022\/06\/SOLICITUD-COTIZACION-23.pdf\">SOLICITUD COTIZACION (23)<\/a><\/p>\n","protected":false},"excerpt":{"rendered":"<p>EXPTE: 1376\/2022 &#8211; COMPRA DIRECTA N\u00b0 2292\/22 FECHA L\u00cdMITE PARA LA PRESENTACI\u00d3N DE PRESUPUESTOS:\u00a028\/06\/2022\u00a0A LAS 09.00HS SE SOLICITA COTIZAR MATERIAL NACIONAL.- SE SOLICITA COTIZAR RENGL\u00d3N POR RENGL\u00d3N, Y EN CASO DE NO PODER, ACLARAR ESTA SITUACI\u00d3N Y LOS MOTIVOS. SE RECUERDA QUE SE DEBEN PRESENTAR LOS PRESUPUESTOS CON LA FIRMA DE QUI\u00c9N LOS EMITE, POSEER [&hellip;]<\/p>\n","protected":false},"author":17,"featured_media":0,"comment_status":"open","ping_status":"open","sticky":false,"template":"","format":"standard","meta":{"footnotes":""},"categories":[3,6,11,139],"tags":[],"class_list":["post-114716","post","type-post","status-publish","format-standard","hentry","category-compras","category-descargar","category-directa","category-obra-social-de-la-provincia-de-tierra-del-fuego-osptf"],"_links":{"self":[{"href":"https:\/\/compras.tierradelfuego.gob.ar\/index.php?rest_route=\/wp\/v2\/posts\/114716","targetHints":{"allow":["GET"]}}],"collection":[{"href":"https:\/\/compras.tierradelfuego.gob.ar\/index.php?rest_route=\/wp\/v2\/posts"}],"about":[{"href":"https:\/\/compras.tierradelfuego.gob.ar\/index.php?rest_route=\/wp\/v2\/types\/post"}],"author":[{"embeddable":true,"href":"https:\/\/compras.tierradelfuego.gob.ar\/index.php?rest_route=\/wp\/v2\/users\/17"}],"replies":[{"embeddable":true,"href":"https:\/\/compras.tierradelfuego.gob.ar\/index.php?rest_route=%2Fwp%2Fv2%2Fcomments&post=114716"}],"version-history":[{"count":0,"href":"https:\/\/compras.tierradelfuego.gob.ar\/index.php?rest_route=\/wp\/v2\/posts\/114716\/revisions"}],"wp:attachment":[{"href":"https:\/\/compras.tierradelfuego.gob.ar\/index.php?rest_route=%2Fwp%2Fv2%2Fmedia&parent=114716"}],"wp:term":[{"taxonomy":"category","embeddable":true,"href":"https:\/\/compras.tierradelfuego.gob.ar\/index.php?rest_route=%2Fwp%2Fv2%2Fcategories&post=114716"},{"taxonomy":"post_tag","embeddable":true,"href":"https:\/\/compras.tierradelfuego.gob.ar\/index.php?rest_route=%2Fwp%2Fv2%2Ftags&post=114716"}],"curies":[{"name":"wp","href":"https:\/\/api.w.org\/{rel}","templated":true}]}}