{"id":114705,"date":"2022-06-24T10:12:47","date_gmt":"2022-06-24T13:12:47","guid":{"rendered":"https:\/\/compras.tierradelfuego.gob.ar\/?p=114705"},"modified":"2022-06-24T10:16:48","modified_gmt":"2022-06-24T13:16:48","slug":"pre-adjudicacion-compra-directa-n-57-22-raf107-adquisicion-de-insumos-para-la-reparacion-de-vehiculo-oficial-patente-gvk-361","status":"publish","type":"post","link":"https:\/\/compras.tierradelfuego.gob.ar\/?p=114705","title":{"rendered":"PRE-ADJUDICACI\u00d3N\u00a0-COMPRA DIRECTA N\u00b0 57\/22 &#8211; RAF107 &#8211; ADQUISICI\u00d3N DE INSUMOS PARA LA REPARACI\u00d3N DE VEH\u00cdCULO OFICIAL PATENTE GVK 361"},"content":{"rendered":"<p>PRE-ADJUDICACI\u00d3N COMPRA DIRECTA N\u00b0 57\/22 &#8211; RAF107<\/p>\n<p>ADJUNTA A FAVOR DE LA FIRMA: LESCANO, CARLOS GABRIEL SOBRE E-32716-22 S\/ ADQUISICI\u00d3N DE INSUMOS PARA LA REPARACI\u00d3N DE VEH\u00cdCULO OFICIAL PATENTE GVK 361<\/p>\n<p>&nbsp;<\/p>\n<p><a href=\"https:\/\/compras.tierradelfuego.gob.ar\/wp-content\/uploads\/2022\/06\/planilla-de-preadjudicacion-32716.pdf\">Planilla de preadjudicacion 32716<\/a><\/p>\n<p>&nbsp;<\/p>\n<p>&nbsp;<\/p>\n","protected":false},"excerpt":{"rendered":"<p>PRE-ADJUDICACI\u00d3N COMPRA DIRECTA N\u00b0 57\/22 &#8211; RAF107 ADJUNTA A FAVOR DE LA FIRMA: LESCANO, CARLOS GABRIEL SOBRE E-32716-22 S\/ ADQUISICI\u00d3N DE INSUMOS PARA LA REPARACI\u00d3N DE VEH\u00cdCULO OFICIAL PATENTE GVK 361 &nbsp; Planilla de preadjudicacion 32716 &nbsp; &nbsp;<\/p>\n","protected":false},"author":17,"featured_media":0,"comment_status":"open","ping_status":"open","sticky":false,"template":"","format":"standard","meta":{"footnotes":""},"categories":[3,6,11,22,184],"tags":[],"class_list":["post-114705","post","type-post","status-publish","format-standard","hentry","category-compras","category-descargar","category-directa","category-ministerio-de-educacion","category-preadjudicadas"],"_links":{"self":[{"href":"https:\/\/compras.tierradelfuego.gob.ar\/index.php?rest_route=\/wp\/v2\/posts\/114705","targetHints":{"allow":["GET"]}}],"collection":[{"href":"https:\/\/compras.tierradelfuego.gob.ar\/index.php?rest_route=\/wp\/v2\/posts"}],"about":[{"href":"https:\/\/compras.tierradelfuego.gob.ar\/index.php?rest_route=\/wp\/v2\/types\/post"}],"author":[{"embeddable":true,"href":"https:\/\/compras.tierradelfuego.gob.ar\/index.php?rest_route=\/wp\/v2\/users\/17"}],"replies":[{"embeddable":true,"href":"https:\/\/compras.tierradelfuego.gob.ar\/index.php?rest_route=%2Fwp%2Fv2%2Fcomments&post=114705"}],"version-history":[{"count":0,"href":"https:\/\/compras.tierradelfuego.gob.ar\/index.php?rest_route=\/wp\/v2\/posts\/114705\/revisions"}],"wp:attachment":[{"href":"https:\/\/compras.tierradelfuego.gob.ar\/index.php?rest_route=%2Fwp%2Fv2%2Fmedia&parent=114705"}],"wp:term":[{"taxonomy":"category","embeddable":true,"href":"https:\/\/compras.tierradelfuego.gob.ar\/index.php?rest_route=%2Fwp%2Fv2%2Fcategories&post=114705"},{"taxonomy":"post_tag","embeddable":true,"href":"https:\/\/compras.tierradelfuego.gob.ar\/index.php?rest_route=%2Fwp%2Fv2%2Ftags&post=114705"}],"curies":[{"name":"wp","href":"https:\/\/api.w.org\/{rel}","templated":true}]}}