{"id":103876,"date":"2022-04-01T09:47:13","date_gmt":"2022-04-01T12:47:13","guid":{"rendered":"https:\/\/compras.tierradelfuego.gob.ar\/?p=103876"},"modified":"2022-04-01T09:54:34","modified_gmt":"2022-04-01T12:54:34","slug":"adjudicacion-licitacion-publica-n-04-22-raf-103-objeto-adquisicion-de-equipos-informaticos-destinados-a-las-diferentes-areas-pertenecientes-al-ministerio-de-finanzas-publicas","status":"publish","type":"post","link":"https:\/\/compras.tierradelfuego.gob.ar\/?p=103876","title":{"rendered":"ADJUDICACION &#8211; LICITACION PUBLICA N\u00b0 04\/22 &#8211; RAF 103 &#8211; OBJETO: ADQUISICI\u00d3N DE EQUIPOS INFORM\u00c1TICOS, DESTINADOS A LAS DIFERENTES \u00c1REAS PERTENECIENTES AL MINISTERIO DE FINANZAS P\u00daBLICAS"},"content":{"rendered":"<p>ADJUDICA LA LICITACI\u00d3N P\u00daBLICA N\u00b0 04\/22 RAF 103 POR EL CUAL TRAMITA LA ADQUISICI\u00d3N DE EQUIPOS INFORM\u00c1TICOS, DESTINADOS A LAS DIFERENTES \u00c1REAS PERTENECIENTES AL MINISTERIO DE FINANZAS P\u00daBLICAS<\/p>\n<p>&nbsp;<\/p>\n<p><a href=\"https:\/\/compras.tierradelfuego.gob.ar\/wp-content\/uploads\/2022\/04\/DECRETO-PROVINCIAL-N\u00b0-669-22.pdf\">DECRETO PROVINCIAL N\u00b0 669-22<\/a><\/p>\n<p>&nbsp;<\/p>\n<p>&nbsp;<\/p>\n<p>&nbsp;<\/p>\n","protected":false},"excerpt":{"rendered":"<p>ADJUDICA LA LICITACI\u00d3N P\u00daBLICA N\u00b0 04\/22 RAF 103 POR EL CUAL TRAMITA LA ADQUISICI\u00d3N DE EQUIPOS INFORM\u00c1TICOS, DESTINADOS A LAS DIFERENTES \u00c1REAS PERTENECIENTES AL MINISTERIO DE FINANZAS P\u00daBLICAS &nbsp; DECRETO PROVINCIAL N\u00b0 669-22 &nbsp; &nbsp; &nbsp;<\/p>\n","protected":false},"author":17,"featured_media":0,"comment_status":"open","ping_status":"open","sticky":false,"template":"","format":"standard","meta":{"footnotes":""},"categories":[192,3,6,11,19,162],"tags":[],"class_list":["post-103876","post","type-post","status-publish","format-standard","hentry","category-adjudicadas-lpu","category-compras","category-descargar","category-directa","category-licitacion-publica","category-ministerio-de-finanzas-publicas"],"_links":{"self":[{"href":"https:\/\/compras.tierradelfuego.gob.ar\/index.php?rest_route=\/wp\/v2\/posts\/103876","targetHints":{"allow":["GET"]}}],"collection":[{"href":"https:\/\/compras.tierradelfuego.gob.ar\/index.php?rest_route=\/wp\/v2\/posts"}],"about":[{"href":"https:\/\/compras.tierradelfuego.gob.ar\/index.php?rest_route=\/wp\/v2\/types\/post"}],"author":[{"embeddable":true,"href":"https:\/\/compras.tierradelfuego.gob.ar\/index.php?rest_route=\/wp\/v2\/users\/17"}],"replies":[{"embeddable":true,"href":"https:\/\/compras.tierradelfuego.gob.ar\/index.php?rest_route=%2Fwp%2Fv2%2Fcomments&post=103876"}],"version-history":[{"count":0,"href":"https:\/\/compras.tierradelfuego.gob.ar\/index.php?rest_route=\/wp\/v2\/posts\/103876\/revisions"}],"wp:attachment":[{"href":"https:\/\/compras.tierradelfuego.gob.ar\/index.php?rest_route=%2Fwp%2Fv2%2Fmedia&parent=103876"}],"wp:term":[{"taxonomy":"category","embeddable":true,"href":"https:\/\/compras.tierradelfuego.gob.ar\/index.php?rest_route=%2Fwp%2Fv2%2Fcategories&post=103876"},{"taxonomy":"post_tag","embeddable":true,"href":"https:\/\/compras.tierradelfuego.gob.ar\/index.php?rest_route=%2Fwp%2Fv2%2Ftags&post=103876"}],"curies":[{"name":"wp","href":"https:\/\/api.w.org\/{rel}","templated":true}]}}